{"id":8546,"date":"2026-04-27T11:01:29","date_gmt":"2026-04-27T11:01:29","guid":{"rendered":"https:\/\/turac.com.tr\/?p=8546"},"modified":"2026-04-27T11:05:49","modified_gmt":"2026-04-27T11:05:49","slug":"yapay-zeka-ile-stratejik-ustunluk-turkiyenin-savunma-teknolojilerinde-yeni-donem","status":"publish","type":"post","link":"https:\/\/turac.com.tr\/tr\/yapay-zeka-ile-stratejik-ustunluk-turkiyenin-savunma-teknolojilerinde-yeni-donem\/","title":{"rendered":"Yapay Zeka ile Stratejik \u00dcst\u00fcnl\u00fck: T\u00fcrkiye\u2019nin Savunma Teknolojilerinde Yeni D\u00f6nem"},"content":{"rendered":"\n<p>Genel M\u00fcd\u00fcr\u00fcm\u00fcz Fatih Altunba\u015f, Uluslararas\u0131 Ankara Marka Bulu\u015fmalar\u0131 kapsam\u0131nda d\u00fczenlenen \u2018Yapay Zeka ile Stratejik \u00dcst\u00fcnl\u00fck: T\u00fcrkiye\u2019nin Savunma Teknolojilerinde Yeni D\u00f6nem\u2019 panelinde moderat\u00f6r olarak yer ald\u0131. Panelde, yapay zek\u00e2n\u0131n savunma sanayisindeki rol\u00fc ve gelece\u011fi ele al\u0131narak, bu alandaki \u00f6nemi vurguland\u0131.<\/p>\n\n\n\n<figure class=\"wp-block-image size-full\"><img fetchpriority=\"high\" decoding=\"async\" width=\"760\" height=\"800\" src=\"https:\/\/turac.com.tr\/wp-content\/uploads\/2026\/04\/braind_conference_2.jpg\" alt=\"\" class=\"wp-image-8548\" srcset=\"https:\/\/turac.com.tr\/wp-content\/uploads\/2026\/04\/braind_conference_2.jpg 760w, https:\/\/turac.com.tr\/wp-content\/uploads\/2026\/04\/braind_conference_2-285x300.jpg 285w, https:\/\/turac.com.tr\/wp-content\/uploads\/2026\/04\/braind_conference_2-11x12.jpg 11w, https:\/\/turac.com.tr\/wp-content\/uploads\/2026\/04\/braind_conference_2-713x750.jpg 713w, https:\/\/turac.com.tr\/wp-content\/uploads\/2026\/04\/braind_conference_2-600x632.jpg 600w\" sizes=\"(max-width: 760px) 100vw, 760px\" \/><\/figure>\n","protected":false},"excerpt":{"rendered":"<p>Genel M\u00fcd\u00fcr\u00fcm\u00fcz Fatih Altunba\u015f, Uluslararas\u0131 Ankara Marka Bulu\u015fmalar\u0131 kapsam\u0131nda d\u00fczenlenen \u2018Yapay Zeka ile Stratejik \u00dcst\u00fcnl\u00fck: T\u00fcrkiye\u2019nin Savunma Teknolojilerinde Yeni D\u00f6nem\u2019 panelinde moderat\u00f6r olarak yer ald\u0131. Panelde, yapay zek\u00e2n\u0131n savunma sanayisindeki rol\u00fc ve gelece\u011fi ele al\u0131narak, bu alandaki \u00f6nemi vurguland\u0131.<\/p>\n","protected":false},"author":1,"featured_media":8547,"comment_status":"open","ping_status":"open","sticky":false,"template":"","format":"standard","meta":{"footnotes":""},"categories":[49,59],"tags":[],"class_list":["post-8546","post","type-post","status-publish","format-standard","has-post-thumbnail","hentry","category-genel-tr","category-genel-en"],"_links":{"self":[{"href":"https:\/\/turac.com.tr\/tr\/wp-json\/wp\/v2\/posts\/8546","targetHints":{"allow":["GET"]}}],"collection":[{"href":"https:\/\/turac.com.tr\/tr\/wp-json\/wp\/v2\/posts"}],"about":[{"href":"https:\/\/turac.com.tr\/tr\/wp-json\/wp\/v2\/types\/post"}],"author":[{"embeddable":true,"href":"https:\/\/turac.com.tr\/tr\/wp-json\/wp\/v2\/users\/1"}],"replies":[{"embeddable":true,"href":"https:\/\/turac.com.tr\/tr\/wp-json\/wp\/v2\/comments?post=8546"}],"version-history":[{"count":1,"href":"https:\/\/turac.com.tr\/tr\/wp-json\/wp\/v2\/posts\/8546\/revisions"}],"predecessor-version":[{"id":8549,"href":"https:\/\/turac.com.tr\/tr\/wp-json\/wp\/v2\/posts\/8546\/revisions\/8549"}],"wp:featuredmedia":[{"embeddable":true,"href":"https:\/\/turac.com.tr\/tr\/wp-json\/wp\/v2\/media\/8547"}],"wp:attachment":[{"href":"https:\/\/turac.com.tr\/tr\/wp-json\/wp\/v2\/media?parent=8546"}],"wp:term":[{"taxonomy":"category","embeddable":true,"href":"https:\/\/turac.com.tr\/tr\/wp-json\/wp\/v2\/categories?post=8546"},{"taxonomy":"post_tag","embeddable":true,"href":"https:\/\/turac.com.tr\/tr\/wp-json\/wp\/v2\/tags?post=8546"}],"curies":[{"name":"wp","href":"https:\/\/api.w.org\/{rel}","templated":true}]}}