{"id":8355,"date":"2026-02-05T11:52:13","date_gmt":"2026-02-05T11:52:13","guid":{"rendered":"https:\/\/turac.com.tr\/?p=8355"},"modified":"2026-02-05T11:54:57","modified_gmt":"2026-02-05T11:54:57","slug":"turkiye-misir-ve-turkiye-suudi-arabistan-yatirim-forumlari","status":"publish","type":"post","link":"https:\/\/turac.com.tr\/tr\/turkiye-misir-ve-turkiye-suudi-arabistan-yatirim-forumlari\/","title":{"rendered":"T\u00fcrkiye-M\u0131s\u0131r ve T\u00fcrkiye-Suudi Arabistan Yat\u0131r\u0131m Forumlar\u0131"},"content":{"rendered":"\n<p>3-4 \u015eubat 2026 tarihlerinde Suudi Arabistan ve M\u0131s\u0131r\u2019da ger\u00e7ekle\u015ftirilen Suudi Arabistan-T\u00fcrkiye ve M\u0131s\u0131r-T\u00fcrkiye Yat\u0131r\u0131m Forumlar\u0131\u2019nda Genel M\u00fcd\u00fcr\u00fcm\u00fcz Fatih ALTUNBA\u015e, DE\u0130K organizasyonu kapsam\u0131nda yer ald\u0131. Cumhurba\u015fkan\u0131m\u0131z Recep Tayyip Erdo\u011fan\u2019\u0131n da kat\u0131ld\u0131\u011f\u0131 M\u0131s\u0131r Yat\u0131r\u0131m Forumu\u2019nda iki \u00fclke aras\u0131ndaki ticaret hacminin geli\u015ftirilmesi gerekti\u011fi vurguland\u0131.<\/p>\n\n\n\n<figure class=\"wp-block-gallery has-nested-images columns-default is-cropped wp-block-gallery-1 is-layout-flex wp-block-gallery-is-layout-flex\">\n<figure class=\"wp-block-image size-large\"><img fetchpriority=\"high\" decoding=\"async\" width=\"768\" height=\"1024\" data-id=\"8364\" src=\"https:\/\/turac.com.tr\/wp-content\/uploads\/2026\/02\/001-1-768x1024.jpg\" alt=\"\" class=\"wp-image-8364\" srcset=\"https:\/\/turac.com.tr\/wp-content\/uploads\/2026\/02\/001-1-768x1024.jpg 768w, https:\/\/turac.com.tr\/wp-content\/uploads\/2026\/02\/001-1-225x300.jpg 225w, https:\/\/turac.com.tr\/wp-content\/uploads\/2026\/02\/001-1-1152x1536.jpg 1152w, https:\/\/turac.com.tr\/wp-content\/uploads\/2026\/02\/001-1-1536x2048.jpg 1536w, https:\/\/turac.com.tr\/wp-content\/uploads\/2026\/02\/001-1-9x12.jpg 9w, https:\/\/turac.com.tr\/wp-content\/uploads\/2026\/02\/001-1-563x750.jpg 563w, https:\/\/turac.com.tr\/wp-content\/uploads\/2026\/02\/001-1-600x800.jpg 600w, https:\/\/turac.com.tr\/wp-content\/uploads\/2026\/02\/001-1-scaled.jpg 1920w\" sizes=\"(max-width: 768px) 100vw, 768px\" \/><\/figure>\n\n\n\n<figure class=\"wp-block-image size-large\"><img decoding=\"async\" width=\"576\" height=\"1024\" data-id=\"8363\" src=\"https:\/\/turac.com.tr\/wp-content\/uploads\/2026\/02\/002-1-576x1024.jpg\" alt=\"\" class=\"wp-image-8363\" srcset=\"https:\/\/turac.com.tr\/wp-content\/uploads\/2026\/02\/002-1-576x1024.jpg 576w, https:\/\/turac.com.tr\/wp-content\/uploads\/2026\/02\/002-1-169x300.jpg 169w, https:\/\/turac.com.tr\/wp-content\/uploads\/2026\/02\/002-1-768x1365.jpg 768w, https:\/\/turac.com.tr\/wp-content\/uploads\/2026\/02\/002-1-864x1536.jpg 864w, https:\/\/turac.com.tr\/wp-content\/uploads\/2026\/02\/002-1-1152x2048.jpg 1152w, https:\/\/turac.com.tr\/wp-content\/uploads\/2026\/02\/002-1-7x12.jpg 7w, https:\/\/turac.com.tr\/wp-content\/uploads\/2026\/02\/002-1-422x750.jpg 422w, https:\/\/turac.com.tr\/wp-content\/uploads\/2026\/02\/002-1-600x1067.jpg 600w, https:\/\/turac.com.tr\/wp-content\/uploads\/2026\/02\/002-1-scaled.jpg 1440w\" sizes=\"(max-width: 576px) 100vw, 576px\" \/><\/figure>\n<\/figure>\n\n\n\n<figure class=\"wp-block-image size-large\"><img decoding=\"async\" width=\"854\" height=\"846\" src=\"https:\/\/turac.com.tr\/wp-content\/uploads\/2026\/02\/003-1.png\" alt=\"\" class=\"wp-image-8362\" srcset=\"https:\/\/turac.com.tr\/wp-content\/uploads\/2026\/02\/003-1.png 854w, https:\/\/turac.com.tr\/wp-content\/uploads\/2026\/02\/003-1-300x297.png 300w, https:\/\/turac.com.tr\/wp-content\/uploads\/2026\/02\/003-1-150x150.png 150w, https:\/\/turac.com.tr\/wp-content\/uploads\/2026\/02\/003-1-768x761.png 768w, https:\/\/turac.com.tr\/wp-content\/uploads\/2026\/02\/003-1-12x12.png 12w, https:\/\/turac.com.tr\/wp-content\/uploads\/2026\/02\/003-1-757x750.png 757w, https:\/\/turac.com.tr\/wp-content\/uploads\/2026\/02\/003-1-600x594.png 600w\" sizes=\"(max-width: 854px) 100vw, 854px\" \/><\/figure>\n","protected":false},"excerpt":{"rendered":"<p>3-4 \u015eubat 2026 tarihlerinde Suudi Arabistan ve M\u0131s\u0131r\u2019da ger\u00e7ekle\u015ftirilen Suudi Arabistan-T\u00fcrkiye ve M\u0131s\u0131r-T\u00fcrkiye Yat\u0131r\u0131m Forumlar\u0131\u2019nda Genel M\u00fcd\u00fcr\u00fcm\u00fcz Fatih ALTUNBA\u015e, DE\u0130K organizasyonu kapsam\u0131nda yer ald\u0131. Cumhurba\u015fkan\u0131m\u0131z Recep Tayyip Erdo\u011fan\u2019\u0131n da kat\u0131ld\u0131\u011f\u0131 M\u0131s\u0131r Yat\u0131r\u0131m Forumu\u2019nda iki \u00fclke aras\u0131ndaki ticaret hacminin geli\u015ftirilmesi gerekti\u011fi vurguland\u0131.<\/p>\n","protected":false},"author":1,"featured_media":8356,"comment_status":"open","ping_status":"open","sticky":false,"template":"","format":"standard","meta":{"footnotes":""},"categories":[49],"tags":[],"class_list":["post-8355","post","type-post","status-publish","format-standard","has-post-thumbnail","hentry","category-genel-tr"],"_links":{"self":[{"href":"https:\/\/turac.com.tr\/tr\/wp-json\/wp\/v2\/posts\/8355","targetHints":{"allow":["GET"]}}],"collection":[{"href":"https:\/\/turac.com.tr\/tr\/wp-json\/wp\/v2\/posts"}],"about":[{"href":"https:\/\/turac.com.tr\/tr\/wp-json\/wp\/v2\/types\/post"}],"author":[{"embeddable":true,"href":"https:\/\/turac.com.tr\/tr\/wp-json\/wp\/v2\/users\/1"}],"replies":[{"embeddable":true,"href":"https:\/\/turac.com.tr\/tr\/wp-json\/wp\/v2\/comments?post=8355"}],"version-history":[{"count":3,"href":"https:\/\/turac.com.tr\/tr\/wp-json\/wp\/v2\/posts\/8355\/revisions"}],"predecessor-version":[{"id":8367,"href":"https:\/\/turac.com.tr\/tr\/wp-json\/wp\/v2\/posts\/8355\/revisions\/8367"}],"wp:featuredmedia":[{"embeddable":true,"href":"https:\/\/turac.com.tr\/tr\/wp-json\/wp\/v2\/media\/8356"}],"wp:attachment":[{"href":"https:\/\/turac.com.tr\/tr\/wp-json\/wp\/v2\/media?parent=8355"}],"wp:term":[{"taxonomy":"category","embeddable":true,"href":"https:\/\/turac.com.tr\/tr\/wp-json\/wp\/v2\/categories?post=8355"},{"taxonomy":"post_tag","embeddable":true,"href":"https:\/\/turac.com.tr\/tr\/wp-json\/wp\/v2\/tags?post=8355"}],"curies":[{"name":"wp","href":"https:\/\/api.w.org\/{rel}","templated":true}]}}